{"id":246,"date":"2019-08-22T07:55:51","date_gmt":"2019-08-22T07:55:51","guid":{"rendered":"http:\/\/bizix.premiumthemes.in\/?p=246"},"modified":"2026-06-15T10:53:56","modified_gmt":"2026-06-15T08:53:56","slug":"potlolagos-szocialis-tuzifa-igenyles","status":"publish","type":"post","link":"http:\/\/somogybukkosd.hu\/web\/potlolagos-szocialis-tuzifa-igenyles\/","title":{"rendered":"P\u00f3tl\u00f3lagos szoci\u00e1lis t\u0171zifa ig\u00e9nyl\u00e9s"},"content":{"rendered":"\t\t<div data-elementor-type=\"wp-post\" data-elementor-id=\"246\" class=\"elementor elementor-246\">\n\t\t\t\t\t\t<section class=\"elementor-section elementor-top-section elementor-element elementor-element-3ff238fb elementor-section-boxed elementor-section-height-default elementor-section-height-default\" data-id=\"3ff238fb\" data-element_type=\"section\">\n\t\t\t\t\t\t<div class=\"elementor-container elementor-column-gap-no\">\n\t\t\t\t\t<div class=\"elementor-column elementor-col-100 elementor-top-column elementor-element elementor-element-a66e7e7\" data-id=\"a66e7e7\" data-element_type=\"column\">\n\t\t\t<div class=\"elementor-widget-wrap elementor-element-populated\">\n\t\t\t\t\t\t<div class=\"elementor-element elementor-element-9b3287e elementor-widget elementor-widget-text-editor\" data-id=\"9b3287e\" data-element_type=\"widget\" data-widget_type=\"text-editor.default\">\n\t\t\t\t\t\t\t\t\t<h4 style=\"text-align: center;\">Tisztelt Lakoss\u00e1g!<\/h4>\n<div>\u00a0<\/div>\n<p style=\"text-align: justify;\">Somogyb\u00fckk\u00f6sd K\u00f6zs\u00e9g \u00d6nkorm\u00e1nyzata felh\u00edvja a telep\u00fcl\u00e9sen \u00e9l\u0151 szoci\u00e1lisan r\u00e1szorultak figyelm\u00e9t a rendk\u00edv\u00fcli id\u0151j\u00e1r\u00e1sra tekintettel h\u00e1ztart\u00e1sonk\u00e9nt max. 1 m <sup>3\u00a0<\/sup> mennyis\u00e9gben adhat\u00f3 szoci\u00e1lis t\u0171zif\u00e1ra.<\/p>\n<p style=\"text-align: justify;\">K\u00e9rj\u00fck, ha otthonuk csak f\u00e1val f\u0171thet\u0151 \u00e9s elfogyott a t\u0171zif\u00e1juk, ig\u00e9ny\u00fcket Hunyadin\u00e9 Vida K\u00e1rmen szoci\u00e1lis \u00fcgyint\u00e9z\u0151n\u00e9l a +36 70 953 0530-as telefonsz\u00e1mon miel\u0151bb jelents\u00e9k be.<\/p>\n<p style=\"text-align: justify;\">T\u00e1j\u00e9koztatjuk, hogy a t\u0171zifa oszt\u00e1s\u00e1ra nem azonnal ker\u00fcl sor.<\/p><BR>\n<p style=\"text-align: center; margin-left:50%;\"><b>dr. Katona Andrea Zita<\/b><BR> <em>aljegyz\u0151 <\/em><BR>Somogyudvarhelyi K\u00f6z\u00f6s \u00d6nkorm\u00e1nyzati Hivatal<BR> 7515 Somogyudvarhely, J\u00f3kai u. 2. <BR>Tel.: +36 70 414 4724<\/p>\t\t\t\t\t\t\t\t<\/div>\n\t\t\t\t\t<\/div>\n\t\t<\/div>\n\t\t\t\t\t<\/div>\n\t\t<\/section>\n\t\t\t\t<\/div>\n\t\t","protected":false},"excerpt":{"rendered":"<p>Tisztelt Lakoss\u00e1g! Somogyb\u00fckk\u00f6sd K\u00f6zs\u00e9g \u00d6nkorm\u00e1nyzata felh\u00edvja a telep\u00fcl\u00e9sen \u00e9l\u0151 szoci\u00e1lisan r\u00e1szorultak figyelm\u00e9t a rendk\u00edv\u00fcli id\u0151j\u00e1r\u00e1sra tekintettel h\u00e1ztart\u00e1sonk\u00e9nt max. 1 m 3\u00a0 mennyis\u00e9gben adhat\u00f3 szoci\u00e1lis t\u0171zif\u00e1ra. K\u00e9rj\u00fck, ha otthonuk csak f\u00e1val f\u0171thet\u0151 \u00e9s elfogyott a t\u0171zif\u00e1juk, ig\u00e9ny\u00fcket Hunyadin\u00e9 Vida K\u00e1rmen szoci\u00e1lis \u00fcgyint\u00e9z\u0151n\u00e9l a +36 70 953 0530-as telefonsz\u00e1mon miel\u0151bb jelents\u00e9k be. [&hellip;]<\/p>\n","protected":false},"author":1,"featured_media":2260,"comment_status":"open","ping_status":"open","sticky":false,"template":"","format":"standard","meta":{"footnotes":""},"categories":[23],"tags":[],"class_list":["post-246","post","type-post","status-publish","format-standard","has-post-thumbnail","hentry","category-kozerdeku-kozlemeny"],"_links":{"self":[{"href":"http:\/\/somogybukkosd.hu\/web\/wp-json\/wp\/v2\/posts\/246","targetHints":{"allow":["GET"]}}],"collection":[{"href":"http:\/\/somogybukkosd.hu\/web\/wp-json\/wp\/v2\/posts"}],"about":[{"href":"http:\/\/somogybukkosd.hu\/web\/wp-json\/wp\/v2\/types\/post"}],"author":[{"embeddable":true,"href":"http:\/\/somogybukkosd.hu\/web\/wp-json\/wp\/v2\/users\/1"}],"replies":[{"embeddable":true,"href":"http:\/\/somogybukkosd.hu\/web\/wp-json\/wp\/v2\/comments?post=246"}],"version-history":[{"count":13,"href":"http:\/\/somogybukkosd.hu\/web\/wp-json\/wp\/v2\/posts\/246\/revisions"}],"predecessor-version":[{"id":2689,"href":"http:\/\/somogybukkosd.hu\/web\/wp-json\/wp\/v2\/posts\/246\/revisions\/2689"}],"wp:featuredmedia":[{"embeddable":true,"href":"http:\/\/somogybukkosd.hu\/web\/wp-json\/wp\/v2\/media\/2260"}],"wp:attachment":[{"href":"http:\/\/somogybukkosd.hu\/web\/wp-json\/wp\/v2\/media?parent=246"}],"wp:term":[{"taxonomy":"category","embeddable":true,"href":"http:\/\/somogybukkosd.hu\/web\/wp-json\/wp\/v2\/categories?post=246"},{"taxonomy":"post_tag","embeddable":true,"href":"http:\/\/somogybukkosd.hu\/web\/wp-json\/wp\/v2\/tags?post=246"}],"curies":[{"name":"wp","href":"https:\/\/api.w.org\/{rel}","templated":true}]}}