{"id":248,"date":"2019-08-21T07:56:56","date_gmt":"2019-08-21T07:56:56","guid":{"rendered":"http:\/\/bizix.premiumthemes.in\/?p=248"},"modified":"2026-01-28T13:13:19","modified_gmt":"2026-01-28T12:13:19","slug":"fesztivalt-szerveznek-egy-kis-somogyi-faluban","status":"publish","type":"post","link":"http:\/\/somogybukkosd.hu\/web\/fesztivalt-szerveznek-egy-kis-somogyi-faluban\/","title":{"rendered":"Fesztiv\u00e1lt szerveznek egy kis somogyi faluban"},"content":{"rendered":"\t\t<div data-elementor-type=\"wp-post\" data-elementor-id=\"248\" class=\"elementor elementor-248\">\n\t\t\t\t\t\t<section class=\"elementor-section elementor-top-section elementor-element elementor-element-c345c4d elementor-section-boxed elementor-section-height-default elementor-section-height-default\" data-id=\"c345c4d\" data-element_type=\"section\">\n\t\t\t\t\t\t<div class=\"elementor-container elementor-column-gap-no\">\n\t\t\t\t\t<div class=\"elementor-column elementor-col-100 elementor-top-column elementor-element elementor-element-62160171\" data-id=\"62160171\" data-element_type=\"column\">\n\t\t\t<div class=\"elementor-widget-wrap elementor-element-populated\">\n\t\t\t\t\t\t<div class=\"elementor-element elementor-element-22d2d4b7 elementor-widget elementor-widget-text-editor\" data-id=\"22d2d4b7\" data-element_type=\"widget\" data-widget_type=\"text-editor.default\">\n\t\t\t\t\t\t\t\t\t<p style=\"text-align: justify;\"><strong>Egy h\u00e9t m\u00falva, augusztus 6-\u00e1n els\u0151 alkalommal rendezik meg a B\u00fckk\u00f6sd Fesztiv\u00e1lt a Nagykanizs\u00e1t\u00f3l mintegy 20 kilom\u00e9terre fekv\u0151 Somogyb\u00fckk\u00f6sd\u00f6n. A n\u00e9pi kult\u00far\u00e1t k\u00f6z\u00e9ppontba \u00e1ll\u00edt\u00f3 esem\u00e9nyen fell\u00e9p Berecz Andr\u00e1s mesemond\u00f3 \u00e9s a Cs\u00edk Zenekar is.\u00a0<\/strong><\/p>\n<p style=\"text-align: justify;\">Egy \u00e9vvel ezel\u0151tt, egy erd\u00e9lyi utaz\u00e1s sor\u00e1n fogalmaz\u00f3dott meg Jeszek J\u00f3zsefben a fesztiv\u00e1l \u00f6tlete. A polg\u00e1rmester c\u00e9lja, hogy az esem\u00e9ny napj\u00e1n a l\u00e1togat\u00f3k \u00edzel\u00edt\u0151t kapjanak az erd\u00e9lyi kult\u00far\u00e1b\u00f3l, hagyom\u00e1nyokb\u00f3l. A fell\u00e9p\u0151k list\u00e1j\u00e1t is ezen koncepci\u00f3 alapj\u00e1n \u00e1ll\u00edtott\u00e1k \u00f6ssze a szervez\u0151k.<\/p>\n<p style=\"text-align: justify;\">\u2013 Ez a fesztiv\u00e1l szimb\u00f3lumaiban, fell\u00e9p\u0151iben mindenk\u00e9ppen egy j\u00f3l \u00e1tgondolt, tematikus szervez\u00e9s r\u00e9sze. Amelynek sor\u00e1n a Zalai N\u00e9pt\u00e1ncegy\u00fcttes, erd\u00e9lyi mulats\u00e1gok, sz\u00e9kely mulats\u00e1gok, Berecz Andr\u00e1s, a Cs\u00edk Zenekar \u00e9s a t\u00f6bbi fell\u00e9p\u0151 is Erd\u00e9lyhez k\u00f6t\u0151d\u0151en olyan programmal \u00e1ll el\u0151, ami r\u00e9szt ad ennek a kult\u00far\u00e1nak a soksz\u00edn\u0171s\u00e9g\u00e9b\u0151l \u2013nyilatkozta Jeszek J\u00f3zsef, Somogyb\u00fckk\u00f6sd polg\u00e1rmestere.<\/p>\n<p style=\"text-align: justify;\">A tradicion\u00e1lis csal\u00e1di, kultur\u00e1lis \u00e9s gasztron\u00f3miai\u00a0 \u00e9rt\u00e9kek meg\u0151rz\u00e9se mellett fontos szerepet kapnak a helyi \u00e9s k\u00f6rny\u00e9kb\u00e9li termel\u0151k port\u00e9k\u00e1i. Term\u00e9szetesen a rendezv\u00e9nyen a gyerekek is megtal\u00e1lhatj\u00e1k majd a saj\u00e1t sz\u00f3rakoz\u00e1sukat. A szervez\u0151k 1000 f\u0151s r\u00e9szv\u00e9teli sz\u00e1mban rem\u00e9nykednek a fesztiv\u00e1lon. Abban b\u00edznak, hogy egy \u00faj hagyom\u00e1nyt tudnak elind\u00edtani az apr\u00f3, mind\u00f6ssze hatvanegyn\u00e9h\u00e1ny lakos\u00fa, somogyi faluban.<\/p>\n<p style=\"text-align: justify;\">\u2013 Gyermekprogramok tekintet\u00e9ben el\u00e9g sz\u00e9les lesz a reperto\u00e1r, lesz boh\u00f3cshow, ugr\u00e1l\u00f3v\u00e1r, k\u00e9zm\u0171ves foglalkoz\u00e1s, arcfest\u00e9s, gyermekkoncert. A helyi termel\u0151ket pedig nagyon sok szeretettel v\u00e1rjuk \u00e9s \u00f6r\u00fcl\u00fcnk neki, hogy min\u00e9l t\u00f6bb bor\u00e1sz, sajtk\u00e9sz\u00edt\u0151 esetleg olyan term\u00e9keket feldolgoz\u00f3 \u0151stermel\u0151 is helyet tud kapni, akik eddig nem voltak n\u00e1lunk \u2013\u00a0 tette hozz\u00e1 Jeszek J\u00f3zsef.<\/p>\n<p style=\"text-align: justify;\">A programok augusztus 6-\u00e1n 11 \u00f3r\u00e1t\u00f3l kezd\u0151dnek egy b\u00facs\u00fa \u00fcnnepi szentmis\u00e9vel, majd d\u00e9lut\u00e1nt\u00f3l folyamatosan v\u00e1ltj\u00e1k egym\u00e1st a fell\u00e9p\u0151k a Perczel Kast\u00e9ly t\u00f6v\u00e9ben fel\u00e1ll\u00edtott sz\u00ednpadon, a Cs\u00edk Zenekar koncertje 19 \u00f3rakor kezd\u0151dik. Az els\u0151 B\u00fckk\u00f6sd Fesztiv\u00e1lr\u00f3l term\u00e9szetesen besz\u00e1molunk k\u00e9s\u0151bbi h\u00edrm\u0171sorainkban.<\/p>\n<strong>Forr\u00e1s:<\/strong> <a href=\"https:\/\/kanizsamediahaz.hu\/hir\/202307\/nagy-fesztivalt-szerveznek-egy-kis-somogyi-faluban\">kanizsamediahaz.hu<\/a>\t\t\t\t\t\t\t\t<\/div>\n\t\t\t\t\t<\/div>\n\t\t<\/div>\n\t\t\t\t\t<\/div>\n\t\t<\/section>\n\t\t\t\t<\/div>\n\t\t","protected":false},"excerpt":{"rendered":"<p>Egy h\u00e9t m\u00falva, augusztus 6-\u00e1n els\u0151 alkalommal rendezik meg a B\u00fckk\u00f6sd Fesztiv\u00e1lt a Nagykanizs\u00e1t\u00f3l mintegy 20 kilom\u00e9terre fekv\u0151 Somogyb\u00fckk\u00f6sd\u00f6n. A n\u00e9pi kult\u00far\u00e1t k\u00f6z\u00e9ppontba \u00e1ll\u00edt\u00f3 esem\u00e9nyen fell\u00e9p Berecz Andr\u00e1s mesemond\u00f3 \u00e9s a Cs\u00edk Zenekar is.\u00a0 Egy \u00e9vvel ezel\u0151tt, egy erd\u00e9lyi utaz\u00e1s sor\u00e1n fogalmaz\u00f3dott meg Jeszek J\u00f3zsefben a fesztiv\u00e1l \u00f6tlete. A polg\u00e1rmester [&hellip;]<\/p>\n","protected":false},"author":1,"featured_media":2253,"comment_status":"open","ping_status":"open","sticky":false,"template":"","format":"video","meta":{"footnotes":""},"categories":[2],"tags":[],"class_list":["post-248","post","type-post","status-publish","format-video","has-post-thumbnail","hentry","category-altalanos","post_format-post-format-video"],"_links":{"self":[{"href":"http:\/\/somogybukkosd.hu\/web\/wp-json\/wp\/v2\/posts\/248","targetHints":{"allow":["GET"]}}],"collection":[{"href":"http:\/\/somogybukkosd.hu\/web\/wp-json\/wp\/v2\/posts"}],"about":[{"href":"http:\/\/somogybukkosd.hu\/web\/wp-json\/wp\/v2\/types\/post"}],"author":[{"embeddable":true,"href":"http:\/\/somogybukkosd.hu\/web\/wp-json\/wp\/v2\/users\/1"}],"replies":[{"embeddable":true,"href":"http:\/\/somogybukkosd.hu\/web\/wp-json\/wp\/v2\/comments?post=248"}],"version-history":[{"count":17,"href":"http:\/\/somogybukkosd.hu\/web\/wp-json\/wp\/v2\/posts\/248\/revisions"}],"predecessor-version":[{"id":2285,"href":"http:\/\/somogybukkosd.hu\/web\/wp-json\/wp\/v2\/posts\/248\/revisions\/2285"}],"wp:featuredmedia":[{"embeddable":true,"href":"http:\/\/somogybukkosd.hu\/web\/wp-json\/wp\/v2\/media\/2253"}],"wp:attachment":[{"href":"http:\/\/somogybukkosd.hu\/web\/wp-json\/wp\/v2\/media?parent=248"}],"wp:term":[{"taxonomy":"category","embeddable":true,"href":"http:\/\/somogybukkosd.hu\/web\/wp-json\/wp\/v2\/categories?post=248"},{"taxonomy":"post_tag","embeddable":true,"href":"http:\/\/somogybukkosd.hu\/web\/wp-json\/wp\/v2\/tags?post=248"}],"curies":[{"name":"wp","href":"https:\/\/api.w.org\/{rel}","templated":true}]}}